{"id":2201,"date":"2014-04-05T07:00:33","date_gmt":"2014-04-05T11:00:33","guid":{"rendered":"http:\/\/wanderlust.com\/?p=2201"},"modified":"2016-03-11T14:11:44","modified_gmt":"2016-03-11T19:11:44","slug":"ryan-leier-making-space-for-grace","status":"publish","type":"post","link":"https:\/\/wanderlust.com\/fr\/journal\/ryan-leier-making-space-for-grace\/","title":{"rendered":"Making Space for Grace: Ryan Leier on Loss, Grief, and Yoga"},"content":{"rendered":"<p>Two weeks before the filming of this video, yoga teacher <a href=\"http:\/\/whistler.wanderlustfestival.com\/ryan-leier\">Ryan Leier<\/a> and his wife Caitlin, lost their baby girl, Thora Grace.<\/p>\n<p>\u00ab\u00a0Like a lightning bolt, she flashed into our world and out. After being with us for months in Caitlin&rsquo;s body and then five minutes on earth, she left her body,\u00a0\u00bb Leier said. \u00ab\u00a0Her essence became one with all. I feel and hear her in the wind, in the sun, with the birds, in the clouds, in the water and the thunder storms.\u00a0\u00bb<\/p>\n<p>Affectionately known as Ryan the Lion, this Saskatoon, Saskatchewan native is fiercely passionate and inspirational in his pursuit to bring\u00a0creative energy to every class he teaches. He does this though his <a href=\"http:\/\/oneyoga.ca\">One Yoga<\/a> studios and as an ambassador of yoga to communities around the world. Leier will also be teaching at <a href=\"http:\/\/schedbc.wanderlustfestival.com\/sponsor\/ryan_leier.1rvi9u52#.Uz7psdykDKg\">Wanderlust Whistler<\/a>.<\/p>\n<p>\u00ab\u00a0I feel that the practice of yoga has given me the capacity to deal with this grief and heartache,\u00a0\u00bb Leier said. \u00ab\u00a0It has helped me find the beauty and see the truth in suffering.\u00a0The Spirit of Thora lives forever inside and outside of me.\u00a0\u00bb<\/p>\n","protected":false},"excerpt":{"rendered":"<p>\u00ab\u00a0Like a lightning bolt, she flashed into our world and out.\u00a0\u00bb<\/p>\n","protected":false},"author":4,"featured_media":2353,"comment_status":"open","ping_status":"open","sticky":false,"template":"","format":"standard","meta":{"_acf_changed":false,"footnotes":""},"categories":[7,1057],"tags":[309,310,307,306,308,51],"class_list":["post-2201","post","type-post","status-publish","format-standard","has-post-thumbnail","hentry","category-video","category-wisdom","tag-death","tag-grace","tag-grief","tag-loss","tag-ryan-leier","tag-yoga-practice"],"acf":[],"yoast_head":"<!-- This site is optimized with the Yoast SEO Premium plugin v18.0 (Yoast SEO v27.5) - https:\/\/yoast.com\/product\/yoast-seo-premium-wordpress\/ -->\n<title>Making Space for Grace: Ryan Leier on Loss, Grief, and Yoga<\/title>\n<meta name=\"description\" content=\"&quot;Like a lightning bolt, she flashed into our world and out.&quot;\" \/>\n<meta name=\"robots\" content=\"index, follow, max-snippet:-1, max-image-preview:large, max-video-preview:-1\" \/>\n<link rel=\"canonical\" href=\"https:\/\/wanderlust.com\/journal\/ryan-leier-making-space-for-grace\/\" \/>\n<meta property=\"og:locale\" content=\"fr_FR\" \/>\n<meta property=\"og:type\" content=\"article\" \/>\n<meta property=\"og:description\" content=\"&quot;Like a lightning bolt, she flashed into our world and out.&quot;\" \/>\n<meta property=\"og:url\" content=\"https:\/\/wanderlust.com\/journal\/ryan-leier-making-space-for-grace\/\" \/>\n<meta property=\"og:site_name\" content=\"Wanderlust\" \/>\n<meta property=\"article:publisher\" content=\"https:\/\/facebook.com\/wanderlust\" \/>\n<meta property=\"article:published_time\" content=\"2014-04-05T11:00:33+00:00\" \/>\n<meta property=\"article:modified_time\" content=\"2016-03-11T19:11:44+00:00\" \/>\n<meta property=\"og:image\" content=\"https:\/\/wanderlust.com\/wp-content\/uploads\/2014\/04\/Ryan-Doc-Poster.jpg\" \/>\n\t<meta property=\"og:image:width\" content=\"1000\" \/>\n\t<meta property=\"og:image:height\" content=\"561\" \/>\n\t<meta property=\"og:image:type\" content=\"image\/jpeg\" \/>\n<meta name=\"author\" content=\"Wanderlust\" \/>\n<meta name=\"twitter:label1\" content=\"\u00c9crit par\" \/>\n\t<meta name=\"twitter:data1\" content=\"Wanderlust\" \/>\n\t<meta name=\"twitter:label2\" content=\"Dur\u00e9e de lecture estim\u00e9e\" \/>\n\t<meta name=\"twitter:data2\" content=\"1 minute\" \/>\n<script type=\"application\/ld+json\" class=\"yoast-schema-graph\">{\"@context\":\"https:\\\/\\\/schema.org\",\"@graph\":[{\"@type\":\"Article\",\"@id\":\"https:\\\/\\\/wanderlust.com\\\/journal\\\/ryan-leier-making-space-for-grace\\\/#article\",\"isPartOf\":{\"@id\":\"https:\\\/\\\/wanderlust.com\\\/journal\\\/ryan-leier-making-space-for-grace\\\/\"},\"author\":{\"name\":\"Wanderlust\",\"@id\":\"https:\\\/\\\/wanderlust.com\\\/#\\\/schema\\\/person\\\/e62efc396481b1929cb60a7e73fe04f5\"},\"headline\":\"Making Space for Grace: Ryan Leier on Loss, Grief, and Yoga\",\"datePublished\":\"2014-04-05T11:00:33+00:00\",\"dateModified\":\"2016-03-11T19:11:44+00:00\",\"mainEntityOfPage\":{\"@id\":\"https:\\\/\\\/wanderlust.com\\\/journal\\\/ryan-leier-making-space-for-grace\\\/\"},\"wordCount\":195,\"commentCount\":0,\"publisher\":{\"@id\":\"https:\\\/\\\/wanderlust.com\\\/#organization\"},\"image\":{\"@id\":\"https:\\\/\\\/wanderlust.com\\\/journal\\\/ryan-leier-making-space-for-grace\\\/#primaryimage\"},\"thumbnailUrl\":\"https:\\\/\\\/wanderlust.com\\\/wp-content\\\/uploads\\\/2014\\\/04\\\/Ryan-Doc-Poster.jpg\",\"keywords\":[\"death\",\"grace\",\"grief\",\"loss\",\"ryan leier\",\"Yoga\"],\"articleSection\":[\"Video\",\"Wisdom\"],\"inLanguage\":\"fr-FR\",\"potentialAction\":[{\"@type\":\"CommentAction\",\"name\":\"Comment\",\"target\":[\"https:\\\/\\\/wanderlust.com\\\/journal\\\/ryan-leier-making-space-for-grace\\\/#respond\"]}]},{\"@type\":\"WebPage\",\"@id\":\"https:\\\/\\\/wanderlust.com\\\/journal\\\/ryan-leier-making-space-for-grace\\\/\",\"url\":\"https:\\\/\\\/wanderlust.com\\\/journal\\\/ryan-leier-making-space-for-grace\\\/\",\"name\":\"Making Space for Grace: Ryan Leier on Loss, Grief, and Yoga\",\"isPartOf\":{\"@id\":\"https:\\\/\\\/wanderlust.com\\\/#website\"},\"primaryImageOfPage\":{\"@id\":\"https:\\\/\\\/wanderlust.com\\\/journal\\\/ryan-leier-making-space-for-grace\\\/#primaryimage\"},\"image\":{\"@id\":\"https:\\\/\\\/wanderlust.com\\\/journal\\\/ryan-leier-making-space-for-grace\\\/#primaryimage\"},\"thumbnailUrl\":\"https:\\\/\\\/wanderlust.com\\\/wp-content\\\/uploads\\\/2014\\\/04\\\/Ryan-Doc-Poster.jpg\",\"datePublished\":\"2014-04-05T11:00:33+00:00\",\"dateModified\":\"2016-03-11T19:11:44+00:00\",\"description\":\"\\\"Like a lightning bolt, she flashed into our world and out.\\\"\",\"breadcrumb\":{\"@id\":\"https:\\\/\\\/wanderlust.com\\\/journal\\\/ryan-leier-making-space-for-grace\\\/#breadcrumb\"},\"inLanguage\":\"fr-FR\",\"potentialAction\":[{\"@type\":\"ReadAction\",\"target\":[\"https:\\\/\\\/wanderlust.com\\\/journal\\\/ryan-leier-making-space-for-grace\\\/\"]}]},{\"@type\":\"ImageObject\",\"inLanguage\":\"fr-FR\",\"@id\":\"https:\\\/\\\/wanderlust.com\\\/journal\\\/ryan-leier-making-space-for-grace\\\/#primaryimage\",\"url\":\"https:\\\/\\\/wanderlust.com\\\/wp-content\\\/uploads\\\/2014\\\/04\\\/Ryan-Doc-Poster.jpg\",\"contentUrl\":\"https:\\\/\\\/wanderlust.com\\\/wp-content\\\/uploads\\\/2014\\\/04\\\/Ryan-Doc-Poster.jpg\",\"width\":1000,\"height\":561,\"caption\":\"Ryan Leier Doing Yoga and Meditating\"},{\"@type\":\"BreadcrumbList\",\"@id\":\"https:\\\/\\\/wanderlust.com\\\/journal\\\/ryan-leier-making-space-for-grace\\\/#breadcrumb\",\"itemListElement\":[{\"@type\":\"ListItem\",\"position\":1,\"name\":\"Home\",\"item\":\"https:\\\/\\\/wanderlust.com\\\/\"},{\"@type\":\"ListItem\",\"position\":2,\"name\":\"Making Space for Grace: Ryan Leier on Loss, Grief, and Yoga\"}]},{\"@type\":\"WebSite\",\"@id\":\"https:\\\/\\\/wanderlust.com\\\/#website\",\"url\":\"https:\\\/\\\/wanderlust.com\\\/\",\"name\":\"Wanderlust\",\"description\":\"Your guidepost on the path towards a healthy &amp; inspired life. Find your true north.\",\"publisher\":{\"@id\":\"https:\\\/\\\/wanderlust.com\\\/#organization\"},\"potentialAction\":[{\"@type\":\"SearchAction\",\"target\":{\"@type\":\"EntryPoint\",\"urlTemplate\":\"https:\\\/\\\/wanderlust.com\\\/?s={search_term_string}\"},\"query-input\":{\"@type\":\"PropertyValueSpecification\",\"valueRequired\":true,\"valueName\":\"search_term_string\"}}],\"inLanguage\":\"fr-FR\"},{\"@type\":\"Organization\",\"@id\":\"https:\\\/\\\/wanderlust.com\\\/#organization\",\"name\":\"Wanderlust\",\"url\":\"https:\\\/\\\/wanderlust.com\\\/\",\"logo\":{\"@type\":\"ImageObject\",\"inLanguage\":\"fr-FR\",\"@id\":\"https:\\\/\\\/wanderlust.com\\\/#\\\/schema\\\/logo\\\/image\\\/\",\"url\":\"https:\\\/\\\/wanderlust.com\\\/wp-content\\\/uploads\\\/2022\\\/01\\\/WL_Logo_Grey-05.png\",\"contentUrl\":\"https:\\\/\\\/wanderlust.com\\\/wp-content\\\/uploads\\\/2022\\\/01\\\/WL_Logo_Grey-05.png\",\"width\":1200,\"height\":1200,\"caption\":\"Wanderlust\"},\"image\":{\"@id\":\"https:\\\/\\\/wanderlust.com\\\/#\\\/schema\\\/logo\\\/image\\\/\"},\"sameAs\":[\"https:\\\/\\\/facebook.com\\\/wanderlust\",\"https:\\\/\\\/x.com\\\/wanderlustfest\",\"https:\\\/\\\/www.instagram.com\\\/wanderlustfest\\\/\",\"https:\\\/\\\/www.linkedin.com\\\/company\\\/wanderlustfestival\",\"https:\\\/\\\/www.pinterest.com\\\/wanderlustfest\",\"https:\\\/\\\/www.youtube.com\\\/user\\\/wanderlustfestival\"]},{\"@type\":\"Person\",\"@id\":\"https:\\\/\\\/wanderlust.com\\\/#\\\/schema\\\/person\\\/e62efc396481b1929cb60a7e73fe04f5\",\"name\":\"Wanderlust\",\"image\":{\"@type\":\"ImageObject\",\"inLanguage\":\"fr-FR\",\"@id\":\"https:\\\/\\\/secure.gravatar.com\\\/avatar\\\/de2547be540992a90769b8d4bef9b9209ef9242d98de4e0ac7f54ef69540b0bd?s=96&d=mm&r=pg\",\"url\":\"https:\\\/\\\/secure.gravatar.com\\\/avatar\\\/de2547be540992a90769b8d4bef9b9209ef9242d98de4e0ac7f54ef69540b0bd?s=96&d=mm&r=pg\",\"contentUrl\":\"https:\\\/\\\/secure.gravatar.com\\\/avatar\\\/de2547be540992a90769b8d4bef9b9209ef9242d98de4e0ac7f54ef69540b0bd?s=96&d=mm&r=pg\",\"caption\":\"Wanderlust\"},\"url\":\"https:\\\/\\\/wanderlust.com\\\/fr\\\/journal\\\/author\\\/wanderstaff\\\/\"}]}<\/script>\n<!-- \/ Yoast SEO Premium plugin. -->","yoast_head_json":{"title":"Making Space for Grace: Ryan Leier on Loss, Grief, and Yoga","description":"\"Like a lightning bolt, she flashed into our world and out.\"","robots":{"index":"index","follow":"follow","max-snippet":"max-snippet:-1","max-image-preview":"max-image-preview:large","max-video-preview":"max-video-preview:-1"},"canonical":"https:\/\/wanderlust.com\/journal\/ryan-leier-making-space-for-grace\/","og_locale":"fr_FR","og_type":"article","og_description":"\"Like a lightning bolt, she flashed into our world and out.\"","og_url":"https:\/\/wanderlust.com\/journal\/ryan-leier-making-space-for-grace\/","og_site_name":"Wanderlust","article_publisher":"https:\/\/facebook.com\/wanderlust","article_published_time":"2014-04-05T11:00:33+00:00","article_modified_time":"2016-03-11T19:11:44+00:00","og_image":[{"width":1000,"height":561,"url":"https:\/\/wanderlust.com\/wp-content\/uploads\/2014\/04\/Ryan-Doc-Poster.jpg","type":"image\/jpeg"}],"author":"Wanderlust","twitter_misc":{"\u00c9crit par":"Wanderlust","Dur\u00e9e de lecture estim\u00e9e":"1 minute"},"schema":{"@context":"https:\/\/schema.org","@graph":[{"@type":"Article","@id":"https:\/\/wanderlust.com\/journal\/ryan-leier-making-space-for-grace\/#article","isPartOf":{"@id":"https:\/\/wanderlust.com\/journal\/ryan-leier-making-space-for-grace\/"},"author":{"name":"Wanderlust","@id":"https:\/\/wanderlust.com\/#\/schema\/person\/e62efc396481b1929cb60a7e73fe04f5"},"headline":"Making Space for Grace: Ryan Leier on Loss, Grief, and Yoga","datePublished":"2014-04-05T11:00:33+00:00","dateModified":"2016-03-11T19:11:44+00:00","mainEntityOfPage":{"@id":"https:\/\/wanderlust.com\/journal\/ryan-leier-making-space-for-grace\/"},"wordCount":195,"commentCount":0,"publisher":{"@id":"https:\/\/wanderlust.com\/#organization"},"image":{"@id":"https:\/\/wanderlust.com\/journal\/ryan-leier-making-space-for-grace\/#primaryimage"},"thumbnailUrl":"https:\/\/wanderlust.com\/wp-content\/uploads\/2014\/04\/Ryan-Doc-Poster.jpg","keywords":["death","grace","grief","loss","ryan leier","Yoga"],"articleSection":["Video","Wisdom"],"inLanguage":"fr-FR","potentialAction":[{"@type":"CommentAction","name":"Comment","target":["https:\/\/wanderlust.com\/journal\/ryan-leier-making-space-for-grace\/#respond"]}]},{"@type":"WebPage","@id":"https:\/\/wanderlust.com\/journal\/ryan-leier-making-space-for-grace\/","url":"https:\/\/wanderlust.com\/journal\/ryan-leier-making-space-for-grace\/","name":"Making Space for Grace: Ryan Leier on Loss, Grief, and Yoga","isPartOf":{"@id":"https:\/\/wanderlust.com\/#website"},"primaryImageOfPage":{"@id":"https:\/\/wanderlust.com\/journal\/ryan-leier-making-space-for-grace\/#primaryimage"},"image":{"@id":"https:\/\/wanderlust.com\/journal\/ryan-leier-making-space-for-grace\/#primaryimage"},"thumbnailUrl":"https:\/\/wanderlust.com\/wp-content\/uploads\/2014\/04\/Ryan-Doc-Poster.jpg","datePublished":"2014-04-05T11:00:33+00:00","dateModified":"2016-03-11T19:11:44+00:00","description":"\"Like a lightning bolt, she flashed into our world and out.\"","breadcrumb":{"@id":"https:\/\/wanderlust.com\/journal\/ryan-leier-making-space-for-grace\/#breadcrumb"},"inLanguage":"fr-FR","potentialAction":[{"@type":"ReadAction","target":["https:\/\/wanderlust.com\/journal\/ryan-leier-making-space-for-grace\/"]}]},{"@type":"ImageObject","inLanguage":"fr-FR","@id":"https:\/\/wanderlust.com\/journal\/ryan-leier-making-space-for-grace\/#primaryimage","url":"https:\/\/wanderlust.com\/wp-content\/uploads\/2014\/04\/Ryan-Doc-Poster.jpg","contentUrl":"https:\/\/wanderlust.com\/wp-content\/uploads\/2014\/04\/Ryan-Doc-Poster.jpg","width":1000,"height":561,"caption":"Ryan Leier Doing Yoga and Meditating"},{"@type":"BreadcrumbList","@id":"https:\/\/wanderlust.com\/journal\/ryan-leier-making-space-for-grace\/#breadcrumb","itemListElement":[{"@type":"ListItem","position":1,"name":"Home","item":"https:\/\/wanderlust.com\/"},{"@type":"ListItem","position":2,"name":"Making Space for Grace: Ryan Leier on Loss, Grief, and Yoga"}]},{"@type":"WebSite","@id":"https:\/\/wanderlust.com\/#website","url":"https:\/\/wanderlust.com\/","name":"Wanderlust","description":"Your guidepost on the path towards a healthy &amp; inspired life. Find your true north.","publisher":{"@id":"https:\/\/wanderlust.com\/#organization"},"potentialAction":[{"@type":"SearchAction","target":{"@type":"EntryPoint","urlTemplate":"https:\/\/wanderlust.com\/?s={search_term_string}"},"query-input":{"@type":"PropertyValueSpecification","valueRequired":true,"valueName":"search_term_string"}}],"inLanguage":"fr-FR"},{"@type":"Organization","@id":"https:\/\/wanderlust.com\/#organization","name":"Wanderlust","url":"https:\/\/wanderlust.com\/","logo":{"@type":"ImageObject","inLanguage":"fr-FR","@id":"https:\/\/wanderlust.com\/#\/schema\/logo\/image\/","url":"https:\/\/wanderlust.com\/wp-content\/uploads\/2022\/01\/WL_Logo_Grey-05.png","contentUrl":"https:\/\/wanderlust.com\/wp-content\/uploads\/2022\/01\/WL_Logo_Grey-05.png","width":1200,"height":1200,"caption":"Wanderlust"},"image":{"@id":"https:\/\/wanderlust.com\/#\/schema\/logo\/image\/"},"sameAs":["https:\/\/facebook.com\/wanderlust","https:\/\/x.com\/wanderlustfest","https:\/\/www.instagram.com\/wanderlustfest\/","https:\/\/www.linkedin.com\/company\/wanderlustfestival","https:\/\/www.pinterest.com\/wanderlustfest","https:\/\/www.youtube.com\/user\/wanderlustfestival"]},{"@type":"Person","@id":"https:\/\/wanderlust.com\/#\/schema\/person\/e62efc396481b1929cb60a7e73fe04f5","name":"Wanderlust","image":{"@type":"ImageObject","inLanguage":"fr-FR","@id":"https:\/\/secure.gravatar.com\/avatar\/de2547be540992a90769b8d4bef9b9209ef9242d98de4e0ac7f54ef69540b0bd?s=96&d=mm&r=pg","url":"https:\/\/secure.gravatar.com\/avatar\/de2547be540992a90769b8d4bef9b9209ef9242d98de4e0ac7f54ef69540b0bd?s=96&d=mm&r=pg","contentUrl":"https:\/\/secure.gravatar.com\/avatar\/de2547be540992a90769b8d4bef9b9209ef9242d98de4e0ac7f54ef69540b0bd?s=96&d=mm&r=pg","caption":"Wanderlust"},"url":"https:\/\/wanderlust.com\/fr\/journal\/author\/wanderstaff\/"}]}},"_links":{"self":[{"href":"https:\/\/wanderlust.com\/fr\/wp-json\/wp\/v2\/posts\/2201","targetHints":{"allow":["GET"]}}],"collection":[{"href":"https:\/\/wanderlust.com\/fr\/wp-json\/wp\/v2\/posts"}],"about":[{"href":"https:\/\/wanderlust.com\/fr\/wp-json\/wp\/v2\/types\/post"}],"author":[{"embeddable":true,"href":"https:\/\/wanderlust.com\/fr\/wp-json\/wp\/v2\/users\/4"}],"replies":[{"embeddable":true,"href":"https:\/\/wanderlust.com\/fr\/wp-json\/wp\/v2\/comments?post=2201"}],"version-history":[{"count":0,"href":"https:\/\/wanderlust.com\/fr\/wp-json\/wp\/v2\/posts\/2201\/revisions"}],"wp:featuredmedia":[{"embeddable":true,"href":"https:\/\/wanderlust.com\/fr\/wp-json\/wp\/v2\/media\/2353"}],"wp:attachment":[{"href":"https:\/\/wanderlust.com\/fr\/wp-json\/wp\/v2\/media?parent=2201"}],"wp:term":[{"taxonomy":"category","embeddable":true,"href":"https:\/\/wanderlust.com\/fr\/wp-json\/wp\/v2\/categories?post=2201"},{"taxonomy":"post_tag","embeddable":true,"href":"https:\/\/wanderlust.com\/fr\/wp-json\/wp\/v2\/tags?post=2201"}],"curies":[{"name":"wp","href":"https:\/\/api.w.org\/{rel}","templated":true}]}}