{"id":107264,"date":"2018-09-17T16:26:07","date_gmt":"2018-09-17T20:26:07","guid":{"rendered":"https:\/\/wanderlust.com\/?p=107264\/"},"modified":"2020-01-14T13:13:38","modified_gmt":"2020-01-14T18:13:38","slug":"5-ways-the-world-celebrates-autumn","status":"publish","type":"post","link":"https:\/\/wanderlust.com\/fr\/journal\/5-ways-the-world-celebrates-autumn\/","title":{"rendered":"5 Ways the World Celebrates Autumn"},"content":{"rendered":"<p>Autumn is a time for transition, to release the levity of long days and short nights, to integrate the lessons of the light-loving summer and prepare for the cold months ahead. The equinox occurs when the visible Sun is positioned directly above the Earth\u2019s equator\u2014it\u2019s generally regarded as the moment when the Sun can be measured longitudinally as 0\u00ba and 180\u00ba. It\u2019s the tipping point of the Sun\u2019s quarterly passage over the planet; the transition of our star from north to south.<\/p>\n<p>It is no coincidence that fall is also when we physically begin to reap what was sown in the fertile spring; what we tended to with the joy and passion of summer. Just as leaves in the Northern Hemisphere begin to take on these richer, ruddier colors of ripened fauna, we too can look to the season as a time to evaluate our own transitions; to consider the fruit of our spiritual harvest. What seeds of our practice did we plant in the spring that we now look to harvest energetically?<\/p>\n<p>This desire to take stock in where we\u2019ve been and where we\u2019re going during the changing seasons is not unique to modernity. Autumnal equinox celebrations have long been a significant part of spiritual life. Looking for ideas to spruce up your own? Drawing from history may help.<\/p>\n<h3>Pagan Mabon<\/h3>\n<p>Pagan rituals around the <a href=\"https:\/\/wicca.com\/celtic\/akasha\/mabon.htm\" target=\"_blank\" rel=\"noopener noreferrer\">equinox<\/a> vary from one tradition to the next, but all revolve around the harvest season, and the exploration of transition from the levity and vitality of summer to the metaphoric weight and death of winter. Autumn is considered a time to close the cycles of hope and aspiration begun in the seasons of Imbolc and Ostara, and the second harvest following the summer haul known as Lammas. Wicca tradition examines the aging of the Goddess from Mother to Crone; the transition of moving from one stage of life to the next.<\/p>\n<h3>Japanese Ohigan<\/h3>\n<p>In Japan, Buddhist tradition dictates both a vernal and an autumnal celebration known as <a href=\"https:\/\/tadaimajp.com\/2015\/09\/ohigan\/\" target=\"_blank\" rel=\"noopener noreferrer\">Ohigan<\/a>, a time to honor ancestors and lost loved ones. The red spider lily\u2014a flower with a very short bloom period that coincides with Ohigan\u2014is named for the time of year, and tends to bloom in and around graveyards, and is also called the \u201cghost flower\u201d or \u201cdeath flower.\u201d To mark Ohigan, Japanese tradition dictates the visiting of family graves to leave flowers or other mementos.<\/p>\n<h3>East Asian Moon Festival<\/h3>\n<p>Though it doesn\u2019t correspond exactly to the equinox on the Northern Hemisphere calendar, the <a href=\"http:\/\/time.com\/4492595\/mid-autumn-festival-lanterns-moon-mooncake\/\" target=\"_blank\" rel=\"noopener noreferrer\">East Asian Moon Festival<\/a> is celebrated in from Japan and China to Vietnam and South Korea. While customs vary, it is marked on the 15th day of the eighth month of the <a href=\"https:\/\/wanderlust.com\/journal\/new-full-moon-rituals\/\" target=\"_blank\" rel=\"noopener noreferrer\">lunar calendar<\/a>, and is a time to elevate vitality and bask in the light-giving glory of the full moon. This is done by giving thanks, and making sacrificing to the moon\u2014thought to be the bearer of good luck and tidings. Mooncakes are a popular dish, even in expatriate communities in the American South.<\/p>\n<h3>Druidry Alban Elfed<\/h3>\n<p>Modern-day Druidry is a spiritual practice that emphasizes connection to\u2014and reverence for\u2014the natural world, and the exploration of the creative self. <a href=\"https:\/\/www.druidry.org\/druid-way\/teaching-and-practice\/druid-festivals\/autumn-equinox-alban-elfed\/deeper-alban-elfed\" target=\"_blank\" rel=\"noopener noreferrer\">Alban Elfed<\/a> is the stage on the Wheel of the Year that, similarly to Pagan traditions, highlights the second harvest and celebrates abundance of the summer as we begin to prepare for the darkness of winter. Traditional celebrations are held at <a href=\"http:\/\/stonehengetours.com\/Stonehenge-Equinox.htm\" target=\"_blank\" rel=\"noopener noreferrer\">Stonehenge<\/a>.<\/p>\n<h3>Western Harvest Festivals<\/h3>\n<p>Apple picking, hayrides, pumpkin patches: These fall traditions can very much be modern ways to celebrate this balancing day of the year. Recalibrate autumn outings like these to honor the equinox by weaving in goal-setting and personal reevaluation. Giving thanks for the bounty of the fruit on the trees\u2014and then creating something to nourish your body from it\u2014can be a nice way to consider transition and to honor the Earth\u2019s natural cycles.<\/p>\n<p><strong>How do you choose to celebrate the equinox?<\/strong><\/p>\n<p>\u2014<\/p>\n<p><em><a href=\"http:\/\/www.lisetteileen.com\/\" target=\"_blank\" rel=\"noopener noreferrer\"><img loading=\"lazy\" decoding=\"async\" class=\"alignleft size-full wp-image-101235\" src=\"https:\/\/wanderlust.com\/wp-content\/uploads\/2018\/06\/lisette.jpg\" alt=\"\" width=\"200\" height=\"250\" \/>Lisette Cheresson<\/a>\u00a0is a writer, storyteller, yoga teacher, and adventuress\u00a0who is an avid vagabond, homechef, dirt-collector, and dreamer.\u00a0<\/em><em>When she\u2019s not playing with words, it\u2019s a safe bet that she\u2019s either hopping a plane, dancing, cooking, or hiking. She rec<span class=\"text_exposed_show\">eived her Level II Reiki Attunement and attended a 4-day intensive discourse with the Dalai Lama in India, and received her RYT200 in Brooklyn.\u00a0<\/span>She is currently the Director of Content at Wanderlust Festival. You can find her on Instagram\u00a0<a href=\"https:\/\/www.instagram.com\/lisetteileen\/\" target=\"_blank\" rel=\"noopener noreferrer\">@lisetteileen<\/a>.<\/em><\/p>\n","protected":false},"excerpt":{"rendered":"<p>And nary a pumpkin spice latte in sight. <\/p>\n","protected":false},"author":2881,"featured_media":107275,"comment_status":"open","ping_status":"closed","sticky":false,"template":"","format":"standard","meta":{"_acf_changed":false,"footnotes":""},"categories":[3190],"tags":[1292,3462,1469,1505,17],"class_list":["post-107264","post","type-post","status-publish","format-standard","has-post-thumbnail","hentry","category-stretch","tag-autumn","tag-equinox","tag-fall","tag-history","tag-tradition"],"acf":[],"yoast_head":"<!-- This site is optimized with the Yoast SEO Premium plugin v18.0 (Yoast SEO v27.5) - https:\/\/yoast.com\/product\/yoast-seo-premium-wordpress\/ -->\n<title>Wanderlust<\/title>\n<meta name=\"robots\" content=\"index, follow, max-snippet:-1, max-image-preview:large, max-video-preview:-1\" \/>\n<link rel=\"canonical\" href=\"https:\/\/wanderlust.com\/journal\/5-ways-the-world-celebrates-autumn\/\" \/>\n<meta property=\"og:locale\" content=\"fr_FR\" \/>\n<meta property=\"og:type\" content=\"article\" \/>\n<meta property=\"og:description\" content=\"And nary a pumpkin spice latte in sight.\" \/>\n<meta property=\"og:url\" content=\"https:\/\/wanderlust.com\/journal\/5-ways-the-world-celebrates-autumn\/\" \/>\n<meta property=\"og:site_name\" content=\"Wanderlust\" \/>\n<meta property=\"article:publisher\" content=\"https:\/\/facebook.com\/wanderlust\" \/>\n<meta property=\"article:published_time\" content=\"2018-09-17T20:26:07+00:00\" \/>\n<meta property=\"article:modified_time\" content=\"2020-01-14T18:13:38+00:00\" \/>\n<meta property=\"og:image\" content=\"https:\/\/wanderlust.com\/wp-content\/uploads\/2018\/09\/erico-marcelino.jpg\" \/>\n\t<meta property=\"og:image:width\" content=\"1404\" \/>\n\t<meta property=\"og:image:height\" content=\"796\" \/>\n\t<meta property=\"og:image:type\" content=\"image\/jpeg\" \/>\n<meta name=\"author\" content=\"Lisette Cheresson\" \/>\n<meta name=\"twitter:label1\" content=\"\u00c9crit par\" \/>\n\t<meta name=\"twitter:data1\" content=\"Lisette Cheresson\" \/>\n\t<meta name=\"twitter:label2\" content=\"Dur\u00e9e de lecture estim\u00e9e\" \/>\n\t<meta name=\"twitter:data2\" content=\"4 minutes\" \/>\n<script type=\"application\/ld+json\" class=\"yoast-schema-graph\">{\"@context\":\"https:\\\/\\\/schema.org\",\"@graph\":[{\"@type\":\"Article\",\"@id\":\"https:\\\/\\\/wanderlust.com\\\/journal\\\/5-ways-the-world-celebrates-autumn\\\/#article\",\"isPartOf\":{\"@id\":\"https:\\\/\\\/wanderlust.com\\\/journal\\\/5-ways-the-world-celebrates-autumn\\\/\"},\"author\":{\"name\":\"Lisette Cheresson\",\"@id\":\"https:\\\/\\\/wanderlust.com\\\/#\\\/schema\\\/person\\\/2cdabfa9489bdce226624570e896c2c4\"},\"headline\":\"5 Ways the World Celebrates Autumn\",\"datePublished\":\"2018-09-17T20:26:07+00:00\",\"dateModified\":\"2020-01-14T18:13:38+00:00\",\"mainEntityOfPage\":{\"@id\":\"https:\\\/\\\/wanderlust.com\\\/journal\\\/5-ways-the-world-celebrates-autumn\\\/\"},\"wordCount\":754,\"commentCount\":0,\"publisher\":{\"@id\":\"https:\\\/\\\/wanderlust.com\\\/#organization\"},\"image\":{\"@id\":\"https:\\\/\\\/wanderlust.com\\\/journal\\\/5-ways-the-world-celebrates-autumn\\\/#primaryimage\"},\"thumbnailUrl\":\"https:\\\/\\\/wanderlust.com\\\/wp-content\\\/uploads\\\/2018\\\/09\\\/erico-marcelino.jpg\",\"keywords\":[\"autumn\",\"Equinox\",\"Fall\",\"history\",\"tradition\"],\"articleSection\":[\"Stretch\"],\"inLanguage\":\"fr-FR\",\"potentialAction\":[{\"@type\":\"CommentAction\",\"name\":\"Comment\",\"target\":[\"https:\\\/\\\/wanderlust.com\\\/journal\\\/5-ways-the-world-celebrates-autumn\\\/#respond\"]}]},{\"@type\":\"WebPage\",\"@id\":\"https:\\\/\\\/wanderlust.com\\\/journal\\\/5-ways-the-world-celebrates-autumn\\\/\",\"url\":\"https:\\\/\\\/wanderlust.com\\\/journal\\\/5-ways-the-world-celebrates-autumn\\\/\",\"name\":\"\",\"isPartOf\":{\"@id\":\"https:\\\/\\\/wanderlust.com\\\/#website\"},\"primaryImageOfPage\":{\"@id\":\"https:\\\/\\\/wanderlust.com\\\/journal\\\/5-ways-the-world-celebrates-autumn\\\/#primaryimage\"},\"image\":{\"@id\":\"https:\\\/\\\/wanderlust.com\\\/journal\\\/5-ways-the-world-celebrates-autumn\\\/#primaryimage\"},\"thumbnailUrl\":\"https:\\\/\\\/wanderlust.com\\\/wp-content\\\/uploads\\\/2018\\\/09\\\/erico-marcelino.jpg\",\"datePublished\":\"2018-09-17T20:26:07+00:00\",\"dateModified\":\"2020-01-14T18:13:38+00:00\",\"breadcrumb\":{\"@id\":\"https:\\\/\\\/wanderlust.com\\\/journal\\\/5-ways-the-world-celebrates-autumn\\\/#breadcrumb\"},\"inLanguage\":\"fr-FR\",\"potentialAction\":[{\"@type\":\"ReadAction\",\"target\":[\"https:\\\/\\\/wanderlust.com\\\/journal\\\/5-ways-the-world-celebrates-autumn\\\/\"]}]},{\"@type\":\"ImageObject\",\"inLanguage\":\"fr-FR\",\"@id\":\"https:\\\/\\\/wanderlust.com\\\/journal\\\/5-ways-the-world-celebrates-autumn\\\/#primaryimage\",\"url\":\"https:\\\/\\\/wanderlust.com\\\/wp-content\\\/uploads\\\/2018\\\/09\\\/erico-marcelino.jpg\",\"contentUrl\":\"https:\\\/\\\/wanderlust.com\\\/wp-content\\\/uploads\\\/2018\\\/09\\\/erico-marcelino.jpg\",\"width\":1404,\"height\":796,\"caption\":\"Photo by Erico Marcelino\"},{\"@type\":\"BreadcrumbList\",\"@id\":\"https:\\\/\\\/wanderlust.com\\\/journal\\\/5-ways-the-world-celebrates-autumn\\\/#breadcrumb\",\"itemListElement\":[{\"@type\":\"ListItem\",\"position\":1,\"name\":\"Home\",\"item\":\"https:\\\/\\\/wanderlust.com\\\/\"},{\"@type\":\"ListItem\",\"position\":2,\"name\":\"5 Ways the World Celebrates Autumn\"}]},{\"@type\":\"WebSite\",\"@id\":\"https:\\\/\\\/wanderlust.com\\\/#website\",\"url\":\"https:\\\/\\\/wanderlust.com\\\/\",\"name\":\"Wanderlust\",\"description\":\"Your guidepost on the path towards a healthy &amp; inspired life. Find your true north.\",\"publisher\":{\"@id\":\"https:\\\/\\\/wanderlust.com\\\/#organization\"},\"potentialAction\":[{\"@type\":\"SearchAction\",\"target\":{\"@type\":\"EntryPoint\",\"urlTemplate\":\"https:\\\/\\\/wanderlust.com\\\/?s={search_term_string}\"},\"query-input\":{\"@type\":\"PropertyValueSpecification\",\"valueRequired\":true,\"valueName\":\"search_term_string\"}}],\"inLanguage\":\"fr-FR\"},{\"@type\":\"Organization\",\"@id\":\"https:\\\/\\\/wanderlust.com\\\/#organization\",\"name\":\"Wanderlust\",\"url\":\"https:\\\/\\\/wanderlust.com\\\/\",\"logo\":{\"@type\":\"ImageObject\",\"inLanguage\":\"fr-FR\",\"@id\":\"https:\\\/\\\/wanderlust.com\\\/#\\\/schema\\\/logo\\\/image\\\/\",\"url\":\"https:\\\/\\\/wanderlust.com\\\/wp-content\\\/uploads\\\/2022\\\/01\\\/WL_Logo_Grey-05.png\",\"contentUrl\":\"https:\\\/\\\/wanderlust.com\\\/wp-content\\\/uploads\\\/2022\\\/01\\\/WL_Logo_Grey-05.png\",\"width\":1200,\"height\":1200,\"caption\":\"Wanderlust\"},\"image\":{\"@id\":\"https:\\\/\\\/wanderlust.com\\\/#\\\/schema\\\/logo\\\/image\\\/\"},\"sameAs\":[\"https:\\\/\\\/facebook.com\\\/wanderlust\",\"https:\\\/\\\/x.com\\\/wanderlustfest\",\"https:\\\/\\\/www.instagram.com\\\/wanderlustfest\\\/\",\"https:\\\/\\\/www.linkedin.com\\\/company\\\/wanderlustfestival\",\"https:\\\/\\\/www.pinterest.com\\\/wanderlustfest\",\"https:\\\/\\\/www.youtube.com\\\/user\\\/wanderlustfestival\"]},{\"@type\":\"Person\",\"@id\":\"https:\\\/\\\/wanderlust.com\\\/#\\\/schema\\\/person\\\/2cdabfa9489bdce226624570e896c2c4\",\"name\":\"Lisette Cheresson\",\"image\":{\"@type\":\"ImageObject\",\"inLanguage\":\"fr-FR\",\"@id\":\"https:\\\/\\\/secure.gravatar.com\\\/avatar\\\/bacb7ef2e02f8f09a078e97bf355c041ae53a0e70452a6feacf7cb50861258ba?s=96&d=mm&r=pg\",\"url\":\"https:\\\/\\\/secure.gravatar.com\\\/avatar\\\/bacb7ef2e02f8f09a078e97bf355c041ae53a0e70452a6feacf7cb50861258ba?s=96&d=mm&r=pg\",\"contentUrl\":\"https:\\\/\\\/secure.gravatar.com\\\/avatar\\\/bacb7ef2e02f8f09a078e97bf355c041ae53a0e70452a6feacf7cb50861258ba?s=96&d=mm&r=pg\",\"caption\":\"Lisette Cheresson\"},\"url\":\"https:\\\/\\\/wanderlust.com\\\/fr\\\/journal\\\/author\\\/lisettecheresson\\\/\"}]}<\/script>\n<!-- \/ Yoast SEO Premium plugin. -->","yoast_head_json":{"title":"Wanderlust","robots":{"index":"index","follow":"follow","max-snippet":"max-snippet:-1","max-image-preview":"max-image-preview:large","max-video-preview":"max-video-preview:-1"},"canonical":"https:\/\/wanderlust.com\/journal\/5-ways-the-world-celebrates-autumn\/","og_locale":"fr_FR","og_type":"article","og_description":"And nary a pumpkin spice latte in sight.","og_url":"https:\/\/wanderlust.com\/journal\/5-ways-the-world-celebrates-autumn\/","og_site_name":"Wanderlust","article_publisher":"https:\/\/facebook.com\/wanderlust","article_published_time":"2018-09-17T20:26:07+00:00","article_modified_time":"2020-01-14T18:13:38+00:00","og_image":[{"width":1404,"height":796,"url":"https:\/\/wanderlust.com\/wp-content\/uploads\/2018\/09\/erico-marcelino.jpg","type":"image\/jpeg"}],"author":"Lisette Cheresson","twitter_misc":{"\u00c9crit par":"Lisette Cheresson","Dur\u00e9e de lecture estim\u00e9e":"4 minutes"},"schema":{"@context":"https:\/\/schema.org","@graph":[{"@type":"Article","@id":"https:\/\/wanderlust.com\/journal\/5-ways-the-world-celebrates-autumn\/#article","isPartOf":{"@id":"https:\/\/wanderlust.com\/journal\/5-ways-the-world-celebrates-autumn\/"},"author":{"name":"Lisette Cheresson","@id":"https:\/\/wanderlust.com\/#\/schema\/person\/2cdabfa9489bdce226624570e896c2c4"},"headline":"5 Ways the World Celebrates Autumn","datePublished":"2018-09-17T20:26:07+00:00","dateModified":"2020-01-14T18:13:38+00:00","mainEntityOfPage":{"@id":"https:\/\/wanderlust.com\/journal\/5-ways-the-world-celebrates-autumn\/"},"wordCount":754,"commentCount":0,"publisher":{"@id":"https:\/\/wanderlust.com\/#organization"},"image":{"@id":"https:\/\/wanderlust.com\/journal\/5-ways-the-world-celebrates-autumn\/#primaryimage"},"thumbnailUrl":"https:\/\/wanderlust.com\/wp-content\/uploads\/2018\/09\/erico-marcelino.jpg","keywords":["autumn","Equinox","Fall","history","tradition"],"articleSection":["Stretch"],"inLanguage":"fr-FR","potentialAction":[{"@type":"CommentAction","name":"Comment","target":["https:\/\/wanderlust.com\/journal\/5-ways-the-world-celebrates-autumn\/#respond"]}]},{"@type":"WebPage","@id":"https:\/\/wanderlust.com\/journal\/5-ways-the-world-celebrates-autumn\/","url":"https:\/\/wanderlust.com\/journal\/5-ways-the-world-celebrates-autumn\/","name":"","isPartOf":{"@id":"https:\/\/wanderlust.com\/#website"},"primaryImageOfPage":{"@id":"https:\/\/wanderlust.com\/journal\/5-ways-the-world-celebrates-autumn\/#primaryimage"},"image":{"@id":"https:\/\/wanderlust.com\/journal\/5-ways-the-world-celebrates-autumn\/#primaryimage"},"thumbnailUrl":"https:\/\/wanderlust.com\/wp-content\/uploads\/2018\/09\/erico-marcelino.jpg","datePublished":"2018-09-17T20:26:07+00:00","dateModified":"2020-01-14T18:13:38+00:00","breadcrumb":{"@id":"https:\/\/wanderlust.com\/journal\/5-ways-the-world-celebrates-autumn\/#breadcrumb"},"inLanguage":"fr-FR","potentialAction":[{"@type":"ReadAction","target":["https:\/\/wanderlust.com\/journal\/5-ways-the-world-celebrates-autumn\/"]}]},{"@type":"ImageObject","inLanguage":"fr-FR","@id":"https:\/\/wanderlust.com\/journal\/5-ways-the-world-celebrates-autumn\/#primaryimage","url":"https:\/\/wanderlust.com\/wp-content\/uploads\/2018\/09\/erico-marcelino.jpg","contentUrl":"https:\/\/wanderlust.com\/wp-content\/uploads\/2018\/09\/erico-marcelino.jpg","width":1404,"height":796,"caption":"Photo by Erico Marcelino"},{"@type":"BreadcrumbList","@id":"https:\/\/wanderlust.com\/journal\/5-ways-the-world-celebrates-autumn\/#breadcrumb","itemListElement":[{"@type":"ListItem","position":1,"name":"Home","item":"https:\/\/wanderlust.com\/"},{"@type":"ListItem","position":2,"name":"5 Ways the World Celebrates Autumn"}]},{"@type":"WebSite","@id":"https:\/\/wanderlust.com\/#website","url":"https:\/\/wanderlust.com\/","name":"Wanderlust","description":"Your guidepost on the path towards a healthy &amp; inspired life. Find your true north.","publisher":{"@id":"https:\/\/wanderlust.com\/#organization"},"potentialAction":[{"@type":"SearchAction","target":{"@type":"EntryPoint","urlTemplate":"https:\/\/wanderlust.com\/?s={search_term_string}"},"query-input":{"@type":"PropertyValueSpecification","valueRequired":true,"valueName":"search_term_string"}}],"inLanguage":"fr-FR"},{"@type":"Organization","@id":"https:\/\/wanderlust.com\/#organization","name":"Wanderlust","url":"https:\/\/wanderlust.com\/","logo":{"@type":"ImageObject","inLanguage":"fr-FR","@id":"https:\/\/wanderlust.com\/#\/schema\/logo\/image\/","url":"https:\/\/wanderlust.com\/wp-content\/uploads\/2022\/01\/WL_Logo_Grey-05.png","contentUrl":"https:\/\/wanderlust.com\/wp-content\/uploads\/2022\/01\/WL_Logo_Grey-05.png","width":1200,"height":1200,"caption":"Wanderlust"},"image":{"@id":"https:\/\/wanderlust.com\/#\/schema\/logo\/image\/"},"sameAs":["https:\/\/facebook.com\/wanderlust","https:\/\/x.com\/wanderlustfest","https:\/\/www.instagram.com\/wanderlustfest\/","https:\/\/www.linkedin.com\/company\/wanderlustfestival","https:\/\/www.pinterest.com\/wanderlustfest","https:\/\/www.youtube.com\/user\/wanderlustfestival"]},{"@type":"Person","@id":"https:\/\/wanderlust.com\/#\/schema\/person\/2cdabfa9489bdce226624570e896c2c4","name":"Lisette Cheresson","image":{"@type":"ImageObject","inLanguage":"fr-FR","@id":"https:\/\/secure.gravatar.com\/avatar\/bacb7ef2e02f8f09a078e97bf355c041ae53a0e70452a6feacf7cb50861258ba?s=96&d=mm&r=pg","url":"https:\/\/secure.gravatar.com\/avatar\/bacb7ef2e02f8f09a078e97bf355c041ae53a0e70452a6feacf7cb50861258ba?s=96&d=mm&r=pg","contentUrl":"https:\/\/secure.gravatar.com\/avatar\/bacb7ef2e02f8f09a078e97bf355c041ae53a0e70452a6feacf7cb50861258ba?s=96&d=mm&r=pg","caption":"Lisette Cheresson"},"url":"https:\/\/wanderlust.com\/fr\/journal\/author\/lisettecheresson\/"}]}},"_links":{"self":[{"href":"https:\/\/wanderlust.com\/fr\/wp-json\/wp\/v2\/posts\/107264","targetHints":{"allow":["GET"]}}],"collection":[{"href":"https:\/\/wanderlust.com\/fr\/wp-json\/wp\/v2\/posts"}],"about":[{"href":"https:\/\/wanderlust.com\/fr\/wp-json\/wp\/v2\/types\/post"}],"author":[{"embeddable":true,"href":"https:\/\/wanderlust.com\/fr\/wp-json\/wp\/v2\/users\/2881"}],"replies":[{"embeddable":true,"href":"https:\/\/wanderlust.com\/fr\/wp-json\/wp\/v2\/comments?post=107264"}],"version-history":[{"count":0,"href":"https:\/\/wanderlust.com\/fr\/wp-json\/wp\/v2\/posts\/107264\/revisions"}],"wp:featuredmedia":[{"embeddable":true,"href":"https:\/\/wanderlust.com\/fr\/wp-json\/wp\/v2\/media\/107275"}],"wp:attachment":[{"href":"https:\/\/wanderlust.com\/fr\/wp-json\/wp\/v2\/media?parent=107264"}],"wp:term":[{"taxonomy":"category","embeddable":true,"href":"https:\/\/wanderlust.com\/fr\/wp-json\/wp\/v2\/categories?post=107264"},{"taxonomy":"post_tag","embeddable":true,"href":"https:\/\/wanderlust.com\/fr\/wp-json\/wp\/v2\/tags?post=107264"}],"curies":[{"name":"wp","href":"https:\/\/api.w.org\/{rel}","templated":true}]}}