{"id":82878,"date":"2017-07-25T17:38:21","date_gmt":"2017-07-25T21:38:21","guid":{"rendered":"https:\/\/wanderlust.com\/journal\/ida-jo\/"},"modified":"2018-08-14T16:45:03","modified_gmt":"2018-08-14T20:45:03","slug":"ida-jo","status":"publish","type":"post","link":"https:\/\/wanderlust.com\/es\/journal\/ida-jo\/","title":{"rendered":"La violinista Ida Jo habla acerca del lenguaje de la luz"},"content":{"rendered":"<p><em>\u00bfQuieres m\u00e1s oportunidades para la m\u00fasica consiente? Dale un vistazo a los <a href=\"https:\/\/wanderlust.com\/es\/events\/\" target=\"_blank\" rel=\"noopener\">Wanderlust Events<\/a> para las ubicaciones del festival y los diferentes talentos. <\/em><\/p>\n<hr \/>\n<p><span style=\"font-weight: 400;\"><a href=\"\/?p=68303\" target=\"_blank\" rel=\"noopener\">Ida Jo\u00a0<\/a><\/span>estaba en California cuando nos contactamos. Ella acababa de terminar un fin de semana tocando el viol\u00edn en Wanderlust Squaw Valley justo al noroeste de Tahoe City, California. Fue su tercer Wanderlust Festival de este verano, y estar\u00e1 completando la temporada con actuaciones en <a href=\"\/?p=4613\" target=\"_blank\" rel=\"noopener\">Whistler<\/a>\u00a0y <a href=\"\/?p=8035\" target=\"_blank\" rel=\"noopener\">Tremblant<\/a>.<\/p>\n<p>&#8220;Me encanta tocar en Wanderlust porque hay tantas oportunidades de hacerlo, ya sea durante una clase o actuando en el escenario&#8221;, dice.<\/p>\n<p>Ida es violinista, escritora y maestra de yoga del linaje Ghosh. Su m\u00fasica explora la interconexi\u00f3n de la humanidad y evoca una energ\u00eda espiritual. Su \u00e1lbum m\u00e1s reciente, <a href=\"https:\/\/idajo.bandcamp.com\/album\/language-of-the-light\" target=\"_blank\" rel=\"noopener\"><i>Language of Light<\/i><\/a>, est\u00e1 espec\u00edficamente inspirado en la pr\u00e1ctica del yoga.<\/p>\n<p>&#8220;Tiene m\u00e1s un ritmo de danza e incorpora sintetizadores, teclados y efectos de viol\u00edn&#8221;, dice Ida. El \u00e1lbum suena m\u00e1s completo que su trabajo anterior como solista, y el sonido es \u00fanico cuando se junta con el uso de la percusi\u00f3n manual en vivo en conjunto con el baile de la m\u00fasica electr\u00f3nica. Ida comenz\u00f3 el \u00e1lbum con una idea de c\u00f3mo quer\u00eda que cada canci\u00f3n sonara, y luego se abri\u00f3 a otros para ofrecer su visi\u00f3n. Ella est\u00e1 especialmente agradecida por las ideas de su amigo y colaborador <a href=\"http:\/\/www.scottlampsyoga.com\/\" target=\"_blank\" rel=\"noopener\">Scott Lamps<\/a>.<\/p>\n<p>&#8220;Para tener una visi\u00f3n m\u00e1s clara de algo en lo que est\u00e1s demasiado involucrado es \u00fatil tener la visi\u00f3n fresca de alguien m\u00e1s&#8221;, dice. Para Ida, la m\u00fasica es una forma de sanaci\u00f3n. Su voz es inquebrantable y fuerte mientras canta: &#8220;Con las ra\u00edces como nuestros maestros \/ y el aliento como nuestras alas \/ y la quietud como la fuente de todo lo que canta \/ en la Tierra como nuestro testigo&#8221;.<\/p>\n<p>Desde la perspectiva de un oyente, se siente como una ofrenda, una invitaci\u00f3n para unirse a ella en la celebraci\u00f3n de nuestra conexi\u00f3n con la tierra. Ella expresa que la luz es lo que nos une, y no puede extinguirse.<\/p>\n<p>&nbsp;<\/p>\n<blockquote><p>&#8220;La luz es la libertad, la luz es una elecci\u00f3n. La luz es un lenguaje, la luz es nuestra voz.&#8221;<\/p><\/blockquote>\n<p>Ida creci\u00f3 en Wisconsin y comenz\u00f3 a tocar el viol\u00edn cuando ten\u00eda siete a\u00f1os, despu\u00e9s de rogarle a su madre que la dejara tomar lecciones.<\/p>\n<p>&#8220;Me sent\u00ed atra\u00edda por el sonido, y no sab\u00eda realmente por qu\u00e9. Mi madre quer\u00eda asegurarse de que no fuera s\u00f3lo una cosa pasajera &#8220;, dice Ida. Una vez que comenz\u00f3 su formaci\u00f3n cl\u00e1sica, tom\u00f3 al instrumento como un pez en el agua. &#8220;Quer\u00eda tener una base cl\u00e1sica para poder entender la perspectiva t\u00e9cnica de c\u00f3mo funciona la m\u00fasica antes de explorar [su propio sonido]&#8221;.<\/p>\n<p><img loading=\"lazy\" decoding=\"async\" class=\"alignnone size-medium wp-image-79012\" src=\"https:\/\/wanderlust.com\/wp-content\/uploads\/2015\/03\/unnamed-4-2-768x512.jpg\" alt=\"\" width=\"768\" height=\"512\" \/><\/p>\n<p>A medida que crec\u00eda, Ida comenz\u00f3 a combinar sus conocimientos de orquesta cl\u00e1sica con m\u00fasica folcl\u00f3rica moderna, y se transform\u00f3 en la violinista apasionada que es hoy. Se uni\u00f3 a un grupo en Minnesota que viaj\u00f3 alrededor del mundo interpretando m\u00fasica folcl\u00f3rica tradicional y particip\u00f3 en competencias de viol\u00edn, una parte integral de su ciudad natal.<\/p>\n<p>&#8220;Yo estaba muy influenciada por el alma del sur de los 60 y 70 y los grupos de rock que mi mam\u00e1 escuchaba&#8221;, dice Ida. Ella creci\u00f3 con The Band, Bob Dylan, The Staple Singers, y m\u00e1s tarde se enamor\u00f3 de la m\u00fasica de Lilith Fair, cantantes y compositores, entre ellos Sarah McLaughlin, Ani Difranco y Jewel. Despu\u00e9s de estudiar viol\u00edn en la Universidad de Minnesota, comenz\u00f3 a tocar en bandas y trabajar en su propia m\u00fasica, fusionando sus influencias de rock, folclor y cantautor. Con las habilidades para destrozar y una visi\u00f3n del sonido para crear, la m\u00fasica de Ida es inigualable tanto en su sabidur\u00eda l\u00edrica como en su sonido de cuerda \u00fanico.<\/p>\n<p>&#8220;La mayor parte de mi energ\u00eda se centra en escribir letras&#8221;, dice Ida. &#8220;Eso no quiere decir que la m\u00fasica sea secundaria, pero si voy a escribir algo que la gente va a escuchar, quiero asegurarme de que significan algo&#8221;.<\/p>\n<blockquote><p>&#8220;Quer\u00eda estudiar los patrones de las personas, sus tendencias y energ\u00edas.&#8221;<\/p><\/blockquote>\n<p>A veces, sus letras se basan en su experiencia personal y a veces son observaciones, espec\u00edficamente dentro de su \u00faltimo \u00e1lbum. Encontrar inspiraci\u00f3n no es f\u00e1cil, se\u00f1ala. Mientras que algunas ideas son m\u00e1s obvias, otras toman un poco trabajo.<\/p>\n<p>&#8220;Por lo general, estar\u00e9 en medio de algo y tendr\u00e9 una idea y tratar\u00e9 de anotarlo&#8221;, dice Ida. &#8220;Pero no creo que tengas que inspirarte para escribir. Me sentar\u00e9 y escribir\u00e9 incluso si no lo siento y veo lo que sale.<\/p>\n<p>Esta visi\u00f3n es similar a la noci\u00f3n de que uno no tiene que estar en el ambiente correcto o en el espacio libre para meditar. M\u00e1s bien, la meditaci\u00f3n debe ser practicada durante tiempos de falta de fundamento. Ida est\u00e1 familiarizada con los beneficios de este trabajo: observa que las pr\u00e1cticas de atenci\u00f3n plena la han ayudado a convertirse mentalmente y f\u00edsicamente fuerte.<\/p>\n<p>&#8220;Se necesita fuerza para llevarlo todo&#8221;, dice ella &#8220;y luego darle sentido y ponerlo ah\u00ed para otros. Mi pr\u00e1ctica mindfulness sirve para hacer mi m\u00fasica tan pura y clara como puede ser. &#8220;Ida explica adem\u00e1s que estas pr\u00e1cticas, ya sea yoga o meditaci\u00f3n, le han permitido ser m\u00e1s consciente de las personas a su alrededor y traducir esa energ\u00eda en sonido.<\/p>\n<p><img loading=\"lazy\" decoding=\"async\" class=\"alignnone size-medium wp-image-79013\" src=\"https:\/\/wanderlust.com\/wp-content\/uploads\/2015\/03\/unnamed-3-1-768x512.jpg\" alt=\"\" width=\"768\" height=\"512\" \/><\/p>\n<p>Ida descubri\u00f3 primero el yoga en su ciudad natal de Madison, Wisconsin. Ella observa que la pr\u00e1ctica cambi\u00f3 cada aspecto de su vida, particularmente su acercamiento a la m\u00fasica. Por un lado, le permiti\u00f3 permanecer en la tierra mientras giraba.<\/p>\n<p>&#8220;Una vez que descubr\u00ed yoga, no pas\u00f3 mucho tiempo antes de que me metiera en ello&#8221;, dice. Ella pronto decidi\u00f3 que quer\u00eda ahondar en sus estudios, por lo que ella y su compa\u00f1ero de banda Scott Lamps se inscribieron para estudiar con el maestro de renombre del linaje Bikram, Tony S\u00e1nchez en Cabo, M\u00e9xico. S\u00e1nchez es bien conocido en la comunidad de bikram, e Ida me dice que escuch\u00f3 por primera vez acerca de \u00e9l en el libro de Benjamin Lorr, Hell-Bent: Obsession, Pain, y la b\u00fasqueda de algo como la trascendencia en el Yoga competitivo, donde anota la profundidad del trabajo con S\u00e1nchez.<\/p>\n<p>En 2015, Ida viaj\u00f3 a Calcuta, India para trabajar en el Colegio de Yoga de Ghosh y les ayud\u00f3 a comenzar su programa de capacitaci\u00f3n de maestros. Ella ahora es un embajador a la universidad, y es coautora desde entonces del manual de la pr\u00e1ctica del yoga de Ghosh con Scott Lamps.<\/p>\n<p>La historia \u00fanica de Ida Jo en m\u00fasica y yoga le ha dado la oportunidad de fundir las dos cosas en experiencias conscientes. Cuando juega para una clase de yoga, dice que a menudo utiliza sus propias canciones como una base para la primavera, a\u00f1adiendo improvisaci\u00f3n basada en la energ\u00eda de la gente en la habitaci\u00f3n.<\/p>\n<p>&#8220;Me ha ayudado a interactuar con la gente y pensar m\u00e1s en su experiencia, en lugar de realizar&#8221;, se\u00f1ala Ida. &#8220;En las actuaciones terminas pensando mucho en ti mismo, pero jugar para las clases es un servicio a la experiencia de las personas&#8221;.<\/p>\n<p>Tome una clase con Ida, o simplemente echa un vistazo a uno de sus conciertos, y ver\u00e1 de lo que estamos hablando. Su m\u00fasica es un regalo, un regalo para aquellos que esperan encontrar claridad en su propia experiencia vivida.<\/p>\n<p>\u2014<\/p>\n<p><em><img loading=\"lazy\" decoding=\"async\" class=\"size-full wp-image-74343 alignleft\" src=\"https:\/\/ni9993enn8cbye42ejw7z1d1-wpengine.netdna-ssl.com\/wp-content\/uploads\/jillian-1.jpg\" alt=\"\" width=\"200\" height=\"250\" \/>Jillian Billard es una poeta, maestra de yoga y aventurera. Originaria de New York, se certific\u00f3 como maestra de Ashtanga Yoga en Goa, India y trabaja en Laughing Lotus Yoga Center en Brooklyn. S\u00edguela en<a href=\"http:\/\/instagram.com\/jillboyoga\" data-cke-saved-href=\"http:\/\/instagram.com\/jillboyoga\">Instagram.<\/a>\u00a0<\/em><\/p>\n<div class=\"addthis_sharing_toolbox\"><\/div>\n<div id=\"jp-relatedposts\" class=\"jp-relatedposts\"><\/div>\n","protected":false},"excerpt":{"rendered":"<p>Learn how this Wanderlust musician uses light, love, and language to create a unique musical experience. <\/p>\n","protected":false},"author":2281,"featured_media":79026,"comment_status":"open","ping_status":"open","sticky":false,"template":"","format":"standard","meta":{"_acf_changed":false,"footnotes":""},"categories":[],"tags":[2835,2865,2780],"class_list":["post-82878","post","type-post","status-publish","format-standard","has-post-thumbnail","hentry","tag-festival-es","tag-ida-jo-es","tag-wanderlust-music-es"],"acf":[],"yoast_head":"<!-- This site is optimized with the Yoast SEO Premium plugin v18.0 (Yoast SEO v27.5) - https:\/\/yoast.com\/product\/yoast-seo-premium-wordpress\/ -->\n<title>Wanderlust<\/title>\n<meta name=\"robots\" content=\"index, follow, max-snippet:-1, max-image-preview:large, max-video-preview:-1\" \/>\n<link rel=\"canonical\" href=\"https:\/\/wanderlust.com\/es\/journal\/ida-jo\/\" \/>\n<meta property=\"og:locale\" content=\"es_ES\" \/>\n<meta property=\"og:type\" content=\"article\" \/>\n<meta property=\"og:description\" content=\"Learn how this Wanderlust musician uses light, love, and language to create a unique musical experience.\" \/>\n<meta property=\"og:url\" content=\"https:\/\/wanderlust.com\/es\/journal\/ida-jo\/\" \/>\n<meta property=\"og:site_name\" content=\"Wanderlust\" \/>\n<meta property=\"article:publisher\" content=\"https:\/\/facebook.com\/wanderlust\" \/>\n<meta property=\"article:published_time\" content=\"2017-07-25T21:38:21+00:00\" \/>\n<meta property=\"article:modified_time\" content=\"2018-08-14T20:45:03+00:00\" \/>\n<meta property=\"og:image\" content=\"https:\/\/wanderlust.com\/wp-content\/uploads\/2017\/07\/Ida-Jo.jpg\" \/>\n\t<meta property=\"og:image:width\" content=\"1404\" \/>\n\t<meta property=\"og:image:height\" content=\"796\" \/>\n\t<meta property=\"og:image:type\" content=\"image\/jpeg\" \/>\n<meta name=\"author\" content=\"Jillian Billard\" \/>\n<meta name=\"twitter:label1\" content=\"Escrito por\" \/>\n\t<meta name=\"twitter:data1\" content=\"Jillian Billard\" \/>\n\t<meta name=\"twitter:label2\" content=\"Tiempo de lectura\" \/>\n\t<meta name=\"twitter:data2\" content=\"7 minutes\" \/>\n<script type=\"application\/ld+json\" class=\"yoast-schema-graph\">{\"@context\":\"https:\\\/\\\/schema.org\",\"@graph\":[{\"@type\":\"Article\",\"@id\":\"https:\\\/\\\/wanderlust.com\\\/es\\\/journal\\\/ida-jo\\\/#article\",\"isPartOf\":{\"@id\":\"https:\\\/\\\/wanderlust.com\\\/es\\\/journal\\\/ida-jo\\\/\"},\"author\":{\"name\":\"Jillian Billard\",\"@id\":\"https:\\\/\\\/wanderlust.com\\\/#\\\/schema\\\/person\\\/44217c418452387b268ee5645e9e9334\"},\"headline\":\"La violinista Ida Jo habla acerca del lenguaje de la luz\",\"datePublished\":\"2017-07-25T21:38:21+00:00\",\"dateModified\":\"2018-08-14T20:45:03+00:00\",\"mainEntityOfPage\":{\"@id\":\"https:\\\/\\\/wanderlust.com\\\/es\\\/journal\\\/ida-jo\\\/\"},\"wordCount\":1353,\"commentCount\":0,\"publisher\":{\"@id\":\"https:\\\/\\\/wanderlust.com\\\/#organization\"},\"image\":{\"@id\":\"https:\\\/\\\/wanderlust.com\\\/es\\\/journal\\\/ida-jo\\\/#primaryimage\"},\"thumbnailUrl\":\"https:\\\/\\\/wanderlust.com\\\/wp-content\\\/uploads\\\/2017\\\/07\\\/Ida-Jo.jpg\",\"keywords\":[\"festival\",\"ida jo\",\"music\"],\"inLanguage\":\"es-ES\",\"potentialAction\":[{\"@type\":\"CommentAction\",\"name\":\"Comment\",\"target\":[\"https:\\\/\\\/wanderlust.com\\\/es\\\/journal\\\/ida-jo\\\/#respond\"]}]},{\"@type\":\"WebPage\",\"@id\":\"https:\\\/\\\/wanderlust.com\\\/es\\\/journal\\\/ida-jo\\\/\",\"url\":\"https:\\\/\\\/wanderlust.com\\\/es\\\/journal\\\/ida-jo\\\/\",\"name\":\"\",\"isPartOf\":{\"@id\":\"https:\\\/\\\/wanderlust.com\\\/#website\"},\"primaryImageOfPage\":{\"@id\":\"https:\\\/\\\/wanderlust.com\\\/es\\\/journal\\\/ida-jo\\\/#primaryimage\"},\"image\":{\"@id\":\"https:\\\/\\\/wanderlust.com\\\/es\\\/journal\\\/ida-jo\\\/#primaryimage\"},\"thumbnailUrl\":\"https:\\\/\\\/wanderlust.com\\\/wp-content\\\/uploads\\\/2017\\\/07\\\/Ida-Jo.jpg\",\"datePublished\":\"2017-07-25T21:38:21+00:00\",\"dateModified\":\"2018-08-14T20:45:03+00:00\",\"breadcrumb\":{\"@id\":\"https:\\\/\\\/wanderlust.com\\\/es\\\/journal\\\/ida-jo\\\/#breadcrumb\"},\"inLanguage\":\"es-ES\",\"potentialAction\":[{\"@type\":\"ReadAction\",\"target\":[\"https:\\\/\\\/wanderlust.com\\\/es\\\/journal\\\/ida-jo\\\/\"]}]},{\"@type\":\"ImageObject\",\"inLanguage\":\"es-ES\",\"@id\":\"https:\\\/\\\/wanderlust.com\\\/es\\\/journal\\\/ida-jo\\\/#primaryimage\",\"url\":\"https:\\\/\\\/wanderlust.com\\\/wp-content\\\/uploads\\\/2017\\\/07\\\/Ida-Jo.jpg\",\"contentUrl\":\"https:\\\/\\\/wanderlust.com\\\/wp-content\\\/uploads\\\/2017\\\/07\\\/Ida-Jo.jpg\",\"width\":1404,\"height\":796},{\"@type\":\"BreadcrumbList\",\"@id\":\"https:\\\/\\\/wanderlust.com\\\/es\\\/journal\\\/ida-jo\\\/#breadcrumb\",\"itemListElement\":[{\"@type\":\"ListItem\",\"position\":1,\"name\":\"Home\",\"item\":\"https:\\\/\\\/wanderlust.com\\\/\"},{\"@type\":\"ListItem\",\"position\":2,\"name\":\"La violinista Ida Jo habla acerca del lenguaje de la luz\"}]},{\"@type\":\"WebSite\",\"@id\":\"https:\\\/\\\/wanderlust.com\\\/#website\",\"url\":\"https:\\\/\\\/wanderlust.com\\\/\",\"name\":\"Wanderlust\",\"description\":\"Your guidepost on the path towards a healthy &amp; inspired life. Find your true north.\",\"publisher\":{\"@id\":\"https:\\\/\\\/wanderlust.com\\\/#organization\"},\"potentialAction\":[{\"@type\":\"SearchAction\",\"target\":{\"@type\":\"EntryPoint\",\"urlTemplate\":\"https:\\\/\\\/wanderlust.com\\\/?s={search_term_string}\"},\"query-input\":{\"@type\":\"PropertyValueSpecification\",\"valueRequired\":true,\"valueName\":\"search_term_string\"}}],\"inLanguage\":\"es-ES\"},{\"@type\":\"Organization\",\"@id\":\"https:\\\/\\\/wanderlust.com\\\/#organization\",\"name\":\"Wanderlust\",\"url\":\"https:\\\/\\\/wanderlust.com\\\/\",\"logo\":{\"@type\":\"ImageObject\",\"inLanguage\":\"es-ES\",\"@id\":\"https:\\\/\\\/wanderlust.com\\\/#\\\/schema\\\/logo\\\/image\\\/\",\"url\":\"https:\\\/\\\/wanderlust.com\\\/wp-content\\\/uploads\\\/2022\\\/01\\\/WL_Logo_Grey-05.png\",\"contentUrl\":\"https:\\\/\\\/wanderlust.com\\\/wp-content\\\/uploads\\\/2022\\\/01\\\/WL_Logo_Grey-05.png\",\"width\":1200,\"height\":1200,\"caption\":\"Wanderlust\"},\"image\":{\"@id\":\"https:\\\/\\\/wanderlust.com\\\/#\\\/schema\\\/logo\\\/image\\\/\"},\"sameAs\":[\"https:\\\/\\\/facebook.com\\\/wanderlust\",\"https:\\\/\\\/x.com\\\/wanderlustfest\",\"https:\\\/\\\/www.instagram.com\\\/wanderlustfest\\\/\",\"https:\\\/\\\/www.linkedin.com\\\/company\\\/wanderlustfestival\",\"https:\\\/\\\/www.pinterest.com\\\/wanderlustfest\",\"https:\\\/\\\/www.youtube.com\\\/user\\\/wanderlustfestival\"]},{\"@type\":\"Person\",\"@id\":\"https:\\\/\\\/wanderlust.com\\\/#\\\/schema\\\/person\\\/44217c418452387b268ee5645e9e9334\",\"name\":\"Jillian Billard\",\"image\":{\"@type\":\"ImageObject\",\"inLanguage\":\"es-ES\",\"@id\":\"https:\\\/\\\/secure.gravatar.com\\\/avatar\\\/91b92055a371bcce49deb22a80eafb1344e20bffa64c789a5be7d9e814d23b77?s=96&d=mm&r=pg\",\"url\":\"https:\\\/\\\/secure.gravatar.com\\\/avatar\\\/91b92055a371bcce49deb22a80eafb1344e20bffa64c789a5be7d9e814d23b77?s=96&d=mm&r=pg\",\"contentUrl\":\"https:\\\/\\\/secure.gravatar.com\\\/avatar\\\/91b92055a371bcce49deb22a80eafb1344e20bffa64c789a5be7d9e814d23b77?s=96&d=mm&r=pg\",\"caption\":\"Jillian Billard\"},\"url\":\"https:\\\/\\\/wanderlust.com\\\/es\\\/journal\\\/author\\\/jillianbillard\\\/\"}]}<\/script>\n<!-- \/ Yoast SEO Premium plugin. -->","yoast_head_json":{"title":"Wanderlust","robots":{"index":"index","follow":"follow","max-snippet":"max-snippet:-1","max-image-preview":"max-image-preview:large","max-video-preview":"max-video-preview:-1"},"canonical":"https:\/\/wanderlust.com\/es\/journal\/ida-jo\/","og_locale":"es_ES","og_type":"article","og_description":"Learn how this Wanderlust musician uses light, love, and language to create a unique musical experience.","og_url":"https:\/\/wanderlust.com\/es\/journal\/ida-jo\/","og_site_name":"Wanderlust","article_publisher":"https:\/\/facebook.com\/wanderlust","article_published_time":"2017-07-25T21:38:21+00:00","article_modified_time":"2018-08-14T20:45:03+00:00","og_image":[{"width":1404,"height":796,"url":"https:\/\/wanderlust.com\/wp-content\/uploads\/2017\/07\/Ida-Jo.jpg","type":"image\/jpeg"}],"author":"Jillian Billard","twitter_misc":{"Escrito por":"Jillian Billard","Tiempo de lectura":"7 minutes"},"schema":{"@context":"https:\/\/schema.org","@graph":[{"@type":"Article","@id":"https:\/\/wanderlust.com\/es\/journal\/ida-jo\/#article","isPartOf":{"@id":"https:\/\/wanderlust.com\/es\/journal\/ida-jo\/"},"author":{"name":"Jillian Billard","@id":"https:\/\/wanderlust.com\/#\/schema\/person\/44217c418452387b268ee5645e9e9334"},"headline":"La violinista Ida Jo habla acerca del lenguaje de la luz","datePublished":"2017-07-25T21:38:21+00:00","dateModified":"2018-08-14T20:45:03+00:00","mainEntityOfPage":{"@id":"https:\/\/wanderlust.com\/es\/journal\/ida-jo\/"},"wordCount":1353,"commentCount":0,"publisher":{"@id":"https:\/\/wanderlust.com\/#organization"},"image":{"@id":"https:\/\/wanderlust.com\/es\/journal\/ida-jo\/#primaryimage"},"thumbnailUrl":"https:\/\/wanderlust.com\/wp-content\/uploads\/2017\/07\/Ida-Jo.jpg","keywords":["festival","ida jo","music"],"inLanguage":"es-ES","potentialAction":[{"@type":"CommentAction","name":"Comment","target":["https:\/\/wanderlust.com\/es\/journal\/ida-jo\/#respond"]}]},{"@type":"WebPage","@id":"https:\/\/wanderlust.com\/es\/journal\/ida-jo\/","url":"https:\/\/wanderlust.com\/es\/journal\/ida-jo\/","name":"","isPartOf":{"@id":"https:\/\/wanderlust.com\/#website"},"primaryImageOfPage":{"@id":"https:\/\/wanderlust.com\/es\/journal\/ida-jo\/#primaryimage"},"image":{"@id":"https:\/\/wanderlust.com\/es\/journal\/ida-jo\/#primaryimage"},"thumbnailUrl":"https:\/\/wanderlust.com\/wp-content\/uploads\/2017\/07\/Ida-Jo.jpg","datePublished":"2017-07-25T21:38:21+00:00","dateModified":"2018-08-14T20:45:03+00:00","breadcrumb":{"@id":"https:\/\/wanderlust.com\/es\/journal\/ida-jo\/#breadcrumb"},"inLanguage":"es-ES","potentialAction":[{"@type":"ReadAction","target":["https:\/\/wanderlust.com\/es\/journal\/ida-jo\/"]}]},{"@type":"ImageObject","inLanguage":"es-ES","@id":"https:\/\/wanderlust.com\/es\/journal\/ida-jo\/#primaryimage","url":"https:\/\/wanderlust.com\/wp-content\/uploads\/2017\/07\/Ida-Jo.jpg","contentUrl":"https:\/\/wanderlust.com\/wp-content\/uploads\/2017\/07\/Ida-Jo.jpg","width":1404,"height":796},{"@type":"BreadcrumbList","@id":"https:\/\/wanderlust.com\/es\/journal\/ida-jo\/#breadcrumb","itemListElement":[{"@type":"ListItem","position":1,"name":"Home","item":"https:\/\/wanderlust.com\/"},{"@type":"ListItem","position":2,"name":"La violinista Ida Jo habla acerca del lenguaje de la luz"}]},{"@type":"WebSite","@id":"https:\/\/wanderlust.com\/#website","url":"https:\/\/wanderlust.com\/","name":"Wanderlust","description":"Your guidepost on the path towards a healthy &amp; inspired life. Find your true north.","publisher":{"@id":"https:\/\/wanderlust.com\/#organization"},"potentialAction":[{"@type":"SearchAction","target":{"@type":"EntryPoint","urlTemplate":"https:\/\/wanderlust.com\/?s={search_term_string}"},"query-input":{"@type":"PropertyValueSpecification","valueRequired":true,"valueName":"search_term_string"}}],"inLanguage":"es-ES"},{"@type":"Organization","@id":"https:\/\/wanderlust.com\/#organization","name":"Wanderlust","url":"https:\/\/wanderlust.com\/","logo":{"@type":"ImageObject","inLanguage":"es-ES","@id":"https:\/\/wanderlust.com\/#\/schema\/logo\/image\/","url":"https:\/\/wanderlust.com\/wp-content\/uploads\/2022\/01\/WL_Logo_Grey-05.png","contentUrl":"https:\/\/wanderlust.com\/wp-content\/uploads\/2022\/01\/WL_Logo_Grey-05.png","width":1200,"height":1200,"caption":"Wanderlust"},"image":{"@id":"https:\/\/wanderlust.com\/#\/schema\/logo\/image\/"},"sameAs":["https:\/\/facebook.com\/wanderlust","https:\/\/x.com\/wanderlustfest","https:\/\/www.instagram.com\/wanderlustfest\/","https:\/\/www.linkedin.com\/company\/wanderlustfestival","https:\/\/www.pinterest.com\/wanderlustfest","https:\/\/www.youtube.com\/user\/wanderlustfestival"]},{"@type":"Person","@id":"https:\/\/wanderlust.com\/#\/schema\/person\/44217c418452387b268ee5645e9e9334","name":"Jillian Billard","image":{"@type":"ImageObject","inLanguage":"es-ES","@id":"https:\/\/secure.gravatar.com\/avatar\/91b92055a371bcce49deb22a80eafb1344e20bffa64c789a5be7d9e814d23b77?s=96&d=mm&r=pg","url":"https:\/\/secure.gravatar.com\/avatar\/91b92055a371bcce49deb22a80eafb1344e20bffa64c789a5be7d9e814d23b77?s=96&d=mm&r=pg","contentUrl":"https:\/\/secure.gravatar.com\/avatar\/91b92055a371bcce49deb22a80eafb1344e20bffa64c789a5be7d9e814d23b77?s=96&d=mm&r=pg","caption":"Jillian Billard"},"url":"https:\/\/wanderlust.com\/es\/journal\/author\/jillianbillard\/"}]}},"_links":{"self":[{"href":"https:\/\/wanderlust.com\/es\/wp-json\/wp\/v2\/posts\/82878","targetHints":{"allow":["GET"]}}],"collection":[{"href":"https:\/\/wanderlust.com\/es\/wp-json\/wp\/v2\/posts"}],"about":[{"href":"https:\/\/wanderlust.com\/es\/wp-json\/wp\/v2\/types\/post"}],"author":[{"embeddable":true,"href":"https:\/\/wanderlust.com\/es\/wp-json\/wp\/v2\/users\/2281"}],"replies":[{"embeddable":true,"href":"https:\/\/wanderlust.com\/es\/wp-json\/wp\/v2\/comments?post=82878"}],"version-history":[{"count":0,"href":"https:\/\/wanderlust.com\/es\/wp-json\/wp\/v2\/posts\/82878\/revisions"}],"wp:featuredmedia":[{"embeddable":true,"href":"https:\/\/wanderlust.com\/es\/wp-json\/wp\/v2\/media\/79026"}],"wp:attachment":[{"href":"https:\/\/wanderlust.com\/es\/wp-json\/wp\/v2\/media?parent=82878"}],"wp:term":[{"taxonomy":"category","embeddable":true,"href":"https:\/\/wanderlust.com\/es\/wp-json\/wp\/v2\/categories?post=82878"},{"taxonomy":"post_tag","embeddable":true,"href":"https:\/\/wanderlust.com\/es\/wp-json\/wp\/v2\/tags?post=82878"}],"curies":[{"name":"wp","href":"https:\/\/api.w.org\/{rel}","templated":true}]}}